{"id":631,"date":"2024-10-15T20:16:34","date_gmt":"2024-10-15T23:16:34","guid":{"rendered":"https:\/\/site.ifes.edu.br\/grupem\/?p=631"},"modified":"2024-10-15T20:17:28","modified_gmt":"2024-10-15T23:17:28","slug":"divulgacao-dos-resultados-das-entrevistas-do-processo-de-selecao-simplificada-de-alunos-bolsistas-extensao-grupem","status":"publish","type":"post","link":"https:\/\/site.ifes.edu.br\/grupem\/2024\/10\/15\/divulgacao-dos-resultados-das-entrevistas-do-processo-de-selecao-simplificada-de-alunos-bolsistas-extensao-grupem\/","title":{"rendered":"Divulga\u00e7\u00e3o dos resultados das entrevistas do Processo de sele\u00e7\u00e3o simplificada de alunos bolsistas extens\u00e3o &#8211; Grupem"},"content":{"rendered":"<p>Na etapa da entrevista avaliamos a partir da seguinte pontua\u00e7\u00e3o:<\/p>\n<ol>\n<li>Experi\u00eancia em extens\u00e3o e pesquisa (m\u00e1ximo 25)<\/li>\n<li>Estudos te\u00f3ricos e participa\u00e7\u00e3o em grupos de pesquisa (m\u00e1ximo 15)<\/li>\n<li>Disponibilidade para a bolsa (m\u00e1ximo 25)<\/li>\n<li>Disponibilidade para participa\u00e7\u00e3o nos encontros do Grupo (m\u00e1ximo 10)<\/li>\n<li>Desenvoltura na entrevista (m\u00e1ximo 25)<\/li>\n<\/ol>\n<p>Como temos uma bolsa para t\u00e9cnico concomitante, o candidato que fica em primeiro lugar ser\u00e1 o bolsista selecionado e o segundo ficar\u00e1 para cadastro reserva.<\/p>\n<table style=\"height: 340px\" width=\"605\">\n<tbody>\n<tr>\n<td width=\"166\"><strong>Candidato \u00e0 bolsa EJ1<\/strong><\/td>\n<td width=\"89\"><strong>Pontua\u00e7\u00e3o<\/strong><\/td>\n<td width=\"100\"><strong>Classifica\u00e7\u00e3o<\/strong><\/td>\n<td width=\"211\"><strong>Resultado final<\/strong><\/td>\n<\/tr>\n<tr>\n<td width=\"166\">Luciano C\u00f4co Oliveira<\/td>\n<td width=\"89\">55<\/td>\n<td width=\"100\">1\u00ba<\/td>\n<td width=\"211\">Classificado \u2013 selecionado<\/td>\n<\/tr>\n<tr>\n<td width=\"166\">Marina de Souza Oliveira<\/td>\n<td width=\"89\">50<\/td>\n<td width=\"100\">2\u00ba<\/td>\n<td width=\"211\">Classificado \u2013 reserva<\/td>\n<\/tr>\n<tr>\n<td width=\"166\"><\/td>\n<td width=\"89\"><\/td>\n<td width=\"100\"><\/td>\n<td width=\"211\"><\/td>\n<\/tr>\n<tr>\n<td width=\"166\"><strong>Candidato \u00e0 bolsa EXT-G<\/strong><\/td>\n<td width=\"89\"><strong>Pontua\u00e7\u00e3o<\/strong><\/td>\n<td width=\"100\"><strong>Classifica\u00e7\u00e3o<\/strong><\/td>\n<td width=\"211\"><strong>Resultado final<\/strong><\/td>\n<\/tr>\n<tr>\n<td width=\"166\">Rebecca Stein Miranda<\/td>\n<td width=\"89\">100<\/td>\n<td width=\"100\">1\u00ba<\/td>\n<td width=\"211\">Classificado &#8211; selecionado<\/td>\n<\/tr>\n<tr>\n<td width=\"166\"><\/td>\n<td width=\"89\"><\/td>\n<td width=\"100\"><\/td>\n<td width=\"211\"><\/td>\n<\/tr>\n<\/tbody>\n<\/table>\n","protected":false},"excerpt":{"rendered":"<p>Na etapa da entrevista avaliamos a partir da seguinte pontua\u00e7\u00e3o: Experi\u00eancia em extens\u00e3o e pesquisa (m\u00e1ximo 25) Estudos te\u00f3ricos e participa\u00e7\u00e3o em grupos de pesquisa (m\u00e1ximo 15) Disponibilidade para a bolsa (m\u00e1ximo 25) Disponibilidade para participa\u00e7\u00e3o nos encontros do Grupo (m\u00e1ximo 10) Desenvoltura na entrevista (m\u00e1ximo 25) Como temos uma bolsa para t\u00e9cnico concomitante, o &hellip; <a href=\"https:\/\/site.ifes.edu.br\/grupem\/2024\/10\/15\/divulgacao-dos-resultados-das-entrevistas-do-processo-de-selecao-simplificada-de-alunos-bolsistas-extensao-grupem\/\" class=\"more-link\">Continue lendo <span class=\"screen-reader-text\">Divulga\u00e7\u00e3o dos resultados das entrevistas do Processo de sele\u00e7\u00e3o simplificada de alunos bolsistas extens\u00e3o &#8211; Grupem<\/span> <span class=\"meta-nav\">&rarr;<\/span><\/a><\/p>\n","protected":false},"author":5,"featured_media":0,"comment_status":"open","ping_status":"open","sticky":false,"template":"","format":"standard","meta":{"footnotes":""},"categories":[1],"tags":[],"class_list":["post-631","post","type-post","status-publish","format-standard","hentry","category-sem-categoria"],"_links":{"self":[{"href":"https:\/\/site.ifes.edu.br\/grupem\/wp-json\/wp\/v2\/posts\/631"}],"collection":[{"href":"https:\/\/site.ifes.edu.br\/grupem\/wp-json\/wp\/v2\/posts"}],"about":[{"href":"https:\/\/site.ifes.edu.br\/grupem\/wp-json\/wp\/v2\/types\/post"}],"author":[{"embeddable":true,"href":"https:\/\/site.ifes.edu.br\/grupem\/wp-json\/wp\/v2\/users\/5"}],"replies":[{"embeddable":true,"href":"https:\/\/site.ifes.edu.br\/grupem\/wp-json\/wp\/v2\/comments?post=631"}],"version-history":[{"count":2,"href":"https:\/\/site.ifes.edu.br\/grupem\/wp-json\/wp\/v2\/posts\/631\/revisions"}],"predecessor-version":[{"id":633,"href":"https:\/\/site.ifes.edu.br\/grupem\/wp-json\/wp\/v2\/posts\/631\/revisions\/633"}],"wp:attachment":[{"href":"https:\/\/site.ifes.edu.br\/grupem\/wp-json\/wp\/v2\/media?parent=631"}],"wp:term":[{"taxonomy":"category","embeddable":true,"href":"https:\/\/site.ifes.edu.br\/grupem\/wp-json\/wp\/v2\/categories?post=631"},{"taxonomy":"post_tag","embeddable":true,"href":"https:\/\/site.ifes.edu.br\/grupem\/wp-json\/wp\/v2\/tags?post=631"}],"curies":[{"name":"wp","href":"https:\/\/api.w.org\/{rel}","templated":true}]}}