{"id":624,"date":"2024-10-07T22:18:38","date_gmt":"2024-10-08T01:18:38","guid":{"rendered":"https:\/\/site.ifes.edu.br\/grupem\/?p=624"},"modified":"2024-10-07T22:18:38","modified_gmt":"2024-10-08T01:18:38","slug":"processo-seletivo-simplificado-de-bolsistas-de-extensao-2024","status":"publish","type":"post","link":"https:\/\/site.ifes.edu.br\/grupem\/2024\/10\/07\/processo-seletivo-simplificado-de-bolsistas-de-extensao-2024\/","title":{"rendered":"Processo seletivo simplificado de bolsistas de extens\u00e3o 2024"},"content":{"rendered":"<p><strong>Processo de sele\u00e7\u00e3o simplificada de um aluno de p\u00f3s-gradua\u00e7\u00e3o bolsista e um aluno de curso t\u00e9cnico concomitante ou integrado<\/strong>\u00a0para atuar no Programa de extens\u00e3o &#8221; Forma\u00e7\u00e3o humana em debate na forma\u00e7\u00e3o de professores e de estudantes da educa\u00e7\u00e3o b\u00e1sica&#8221; contemplado no\u00a0EDITAL PROEX\/CGAEX\/PAEX\u00a0 N\u00ba 02\/2024 \u2013 Bolsas de inicia\u00e7\u00e3o \u00e0 Extens\u00e3o.<\/p>\n<p>&nbsp;<\/p>\n<p>&#8211;\u00a0<strong>Informa\u00e7\u00f5es importantes sobre as bolsas e quem pode se inscrever:<\/strong><\/p>\n<ol>\n<li>Estamos selecionando 2 (duas) vagas de bolsistas de extens\u00e3o, mas vamos fazer cadastro reserva se tiver mais alunos inscritos. Podem se inscrever alunos do Ifes regularmente matriculados.<\/li>\n<li>A bolsa 1 \u00e9 EXT-D &#8211; estudante de p\u00f3s-gradua\u00e7\u00e3o em Educa\u00e7\u00e3o em Ci\u00eancias e Matem\u00e1tica (Educimat), \u00e1rea Educa\u00e7\u00e3o matem\u00e1tica, no\u00a0<strong>valor de R$<\/strong> <strong>1008,00<\/strong>e ter\u00e1\u00a0<strong>vig\u00eancia m\u00e1xima de 12 (doze) meses<\/strong>, conforme o Plano\u00a0de Trabalho do estudante, com\u00a0<strong>vig\u00eancia de <\/strong><strong>21 de outubro de 2024 a 20 de outubro de 2025<\/strong><strong>, e carga hor\u00e1ria de 12h semanais<\/strong>.\u00a0<strong>N\u00c3O pode acumular outras bolsas,<\/strong>\u00a0exceto\u00a0de perman\u00eancia, manuten\u00e7\u00e3o e assistencial\u00a0(assist\u00eancia estudantil).<\/li>\n<\/ol>\n<p>A Bolsa 2 \u00e9 EJ1- estudante de curso t\u00e9cnico concomitante ou integrado, no\u00a0<strong>valor de R$<\/strong> <strong>300,00<\/strong>\u00a0e ter\u00e1\u00a0<strong>vig\u00eancia m\u00e1xima de 12 (doze) meses<\/strong>, conforme o Plano\u00a0de Trabalho do estudante, com\u00a0<strong>vig\u00eancia de <\/strong><strong>21 de outubro de 2024 a 20 de outubro de 2025<\/strong><strong>, e carga hor\u00e1ria de 10h semanais<\/strong>.\u00a0<strong>N\u00c3O pode acumular outras bolsas,<\/strong>\u00a0exceto\u00a0de perman\u00eancia, manuten\u00e7\u00e3o e assistencial\u00a0(assist\u00eancia estudantil).<\/p>\n<ol start=\"3\">\n<li>O objetivo principal do bolsista de inicia\u00e7\u00e3o \u00e0 extens\u00e3o \u00e9 promover apoio e suporte para a gest\u00e3o do\u00a0Projeto de Extens\u00e3o.<\/li>\n<li>S\u00e3o\u00a0<strong>atribui\u00e7\u00f5es do bolsista EXT-G<\/strong>:\u00a0Participa\u00e7\u00e3o em reuni\u00f5es com o coordenador e equipe\u00a0do projeto de extens\u00e3o; participa\u00e7\u00e3o em reuni\u00f5es do Grupem e Clube de matem\u00e1tica; planejamento e desenvolvimento de oficinas com professores e alunos em escolas parceiras; leitura de bibliografia relacionada ao projeto de extens\u00e3o; organiza\u00e7\u00e3o\u00a0de espa\u00e7os do Ifes-Campus Vit\u00f3ria, como salas de aula e laborat\u00f3rios, ou materiais did\u00e1tico-pedag\u00f3gicos; elabora\u00e7\u00e3o de relat\u00f3rios das a\u00e7\u00f5es realizadas no projeto de extens\u00e3o; organiza\u00e7\u00e3o das inscri\u00e7\u00f5es e tabula\u00e7\u00e3o da frequ\u00eancia dos participantes das a\u00e7\u00f5es realizadas;\u00a0participa\u00e7\u00e3o em a\u00e7\u00f5es de extens\u00e3o promovidas pelo Instituto Federal do Esp\u00edrito Santo (Ifes); participa\u00e7\u00e3o na produ\u00e7\u00e3o cient\u00edfica relacionada ao projeto; contribui\u00e7\u00e3o na Certifica\u00e7\u00e3o dos Participantes e Equipe Executora do Projeto de Extens\u00e3o; contribui\u00e7\u00e3o na elabora\u00e7\u00e3o do Relat\u00f3rio Final do Projeto de Extens\u00e3o.<\/li>\n<li>S\u00e3o\u00a0<strong>atribui\u00e7\u00f5es do bolsista EJ1<\/strong>:\u00a0Participa\u00e7\u00e3o em reuni\u00f5es com o coordenador e equipe\u00a0do projeto de extens\u00e3o; participa\u00e7\u00e3o em reuni\u00f5es do Grupem e Clube de matem\u00e1tica; apoio em oficinas; organiza\u00e7\u00e3o\u00a0de espa\u00e7os do Ifes-Campus Vit\u00f3ria, como salas de aula e laborat\u00f3rios, ou materiais did\u00e1tico-pedag\u00f3gicos; organiza\u00e7\u00e3o das inscri\u00e7\u00f5es e tabula\u00e7\u00e3o da frequ\u00eancia dos participantes das a\u00e7\u00f5es realizadas;\u00a0Organiza\u00e7\u00e3o das informa\u00e7\u00f5es e layout do site do Grupem para divulga\u00e7\u00e3o do grupo; contribui\u00e7\u00e3o na Certifica\u00e7\u00e3o dos Participantes e Equipe Executora; elabora\u00e7\u00e3o de relat\u00f3rios das a\u00e7\u00f5es realizadas no projeto de extens\u00e3o e sua divulga\u00e7\u00e3o.<\/li>\n<\/ol>\n<p>&nbsp;<\/p>\n<p><strong>Cronograma:<\/strong><\/p>\n<p>08\/10 &#8211; Divulga\u00e7\u00e3o da sele\u00e7\u00e3o simplificada<\/p>\n<p><strong>08 e 09\/10 (at\u00e9 \u00e0s 18h)\u00a0<\/strong>&#8211; Inscri\u00e7\u00e3o via formul\u00e1rio: <a href=\"https:\/\/forms.gle\/GvPVT5N4NmxRgo9h7\">https:\/\/forms.gle\/GvPVT5N4NmxRgo9h7<\/a><\/p>\n<p>09\/10 &#8211; Divulga\u00e7\u00e3o dos hor\u00e1rios das entrevistas<\/p>\n<p><strong>10\/10<\/strong>\u00a0&#8211; Entrevistas (Eliminat\u00f3ria e classificat\u00f3ria)<\/p>\n<p><strong>14\/10<\/strong>\u00a0&#8211; Divulga\u00e7\u00e3o dos resultados das entrevistas<\/p>\n<p>15 e 16\/10 &#8211; Contrata\u00e7\u00e3o e assinatura do termo de compromisso<\/p>\n<p>21\/10 &#8211; In\u00edcio das atividades<\/p>\n<p>&nbsp;<\/p>\n<p>Maiores informa\u00e7\u00f5es podem ser obtidas no edital por meio do link a seguir: <a href=\"https:\/\/proex.ifes.edu.br\/images\/stories\/Chamada-interna-2024\/02-24\/Edital_Paex_bolsas_02-2024_vf.pdf\">https:\/\/proex.ifes.edu.br\/images\/stories\/Chamada-interna-2024\/02-24\/Edital_Paex_bolsas_02-2024_vf.pdf<\/a><\/p>\n","protected":false},"excerpt":{"rendered":"<p>Processo de sele\u00e7\u00e3o simplificada de um aluno de p\u00f3s-gradua\u00e7\u00e3o bolsista e um aluno de curso t\u00e9cnico concomitante ou integrado\u00a0para atuar no Programa de extens\u00e3o &#8221; Forma\u00e7\u00e3o humana em debate na forma\u00e7\u00e3o de professores e de estudantes da educa\u00e7\u00e3o b\u00e1sica&#8221; contemplado no\u00a0EDITAL PROEX\/CGAEX\/PAEX\u00a0 N\u00ba 02\/2024 \u2013 Bolsas de inicia\u00e7\u00e3o \u00e0 Extens\u00e3o. &nbsp; &#8211;\u00a0Informa\u00e7\u00f5es importantes sobre as &hellip; <a href=\"https:\/\/site.ifes.edu.br\/grupem\/2024\/10\/07\/processo-seletivo-simplificado-de-bolsistas-de-extensao-2024\/\" class=\"more-link\">Continue lendo <span class=\"screen-reader-text\">Processo seletivo simplificado de bolsistas de extens\u00e3o 2024<\/span> <span class=\"meta-nav\">&rarr;<\/span><\/a><\/p>\n","protected":false},"author":5,"featured_media":0,"comment_status":"open","ping_status":"open","sticky":false,"template":"","format":"standard","meta":{"footnotes":""},"categories":[1],"tags":[],"class_list":["post-624","post","type-post","status-publish","format-standard","hentry","category-sem-categoria"],"_links":{"self":[{"href":"https:\/\/site.ifes.edu.br\/grupem\/wp-json\/wp\/v2\/posts\/624"}],"collection":[{"href":"https:\/\/site.ifes.edu.br\/grupem\/wp-json\/wp\/v2\/posts"}],"about":[{"href":"https:\/\/site.ifes.edu.br\/grupem\/wp-json\/wp\/v2\/types\/post"}],"author":[{"embeddable":true,"href":"https:\/\/site.ifes.edu.br\/grupem\/wp-json\/wp\/v2\/users\/5"}],"replies":[{"embeddable":true,"href":"https:\/\/site.ifes.edu.br\/grupem\/wp-json\/wp\/v2\/comments?post=624"}],"version-history":[{"count":1,"href":"https:\/\/site.ifes.edu.br\/grupem\/wp-json\/wp\/v2\/posts\/624\/revisions"}],"predecessor-version":[{"id":625,"href":"https:\/\/site.ifes.edu.br\/grupem\/wp-json\/wp\/v2\/posts\/624\/revisions\/625"}],"wp:attachment":[{"href":"https:\/\/site.ifes.edu.br\/grupem\/wp-json\/wp\/v2\/media?parent=624"}],"wp:term":[{"taxonomy":"category","embeddable":true,"href":"https:\/\/site.ifes.edu.br\/grupem\/wp-json\/wp\/v2\/categories?post=624"},{"taxonomy":"post_tag","embeddable":true,"href":"https:\/\/site.ifes.edu.br\/grupem\/wp-json\/wp\/v2\/tags?post=624"}],"curies":[{"name":"wp","href":"https:\/\/api.w.org\/{rel}","templated":true}]}}