{"id":576,"date":"2022-11-16T22:38:10","date_gmt":"2022-11-17T01:38:10","guid":{"rendered":"https:\/\/site.ifes.edu.br\/grupem\/?p=576"},"modified":"2022-11-16T22:39:16","modified_gmt":"2022-11-17T01:39:16","slug":"confira-a-divulgacao-dos-resultados-das-entrevistas-do-processo-de-selecao-simplificada-de-aluno-de-graduacao-bolsista-grupem","status":"publish","type":"post","link":"https:\/\/site.ifes.edu.br\/grupem\/2022\/11\/16\/confira-a-divulgacao-dos-resultados-das-entrevistas-do-processo-de-selecao-simplificada-de-aluno-de-graduacao-bolsista-grupem\/","title":{"rendered":"Divulga\u00e7\u00e3o dos resultados das entrevistas do Processo de sele\u00e7\u00e3o simplificada de aluno de gradua\u00e7\u00e3o bolsista &#8211; Grupem"},"content":{"rendered":"\n<p><em><a rel=\"noreferrer noopener\" href=\"https:\/\/site.ifes.edu.br\/grupem\/2022\/11\/09\/processo-seletivo-simplificado-de-bolsistas-de-extensao-2022\/\" target=\"_blank\">Clique aqui <\/a>e confira o resultado: Ele se encontra abaixo da divulga\u00e7\u00e3o<\/em> <em>do processo seletivo.<\/em><\/p>\n","protected":false},"excerpt":{"rendered":"<p>Clique aqui e confira o resultado: Ele se encontra abaixo da divulga\u00e7\u00e3o do processo seletivo.<\/p>\n","protected":false},"author":5,"featured_media":0,"comment_status":"open","ping_status":"open","sticky":false,"template":"","format":"standard","meta":{"footnotes":""},"categories":[13],"tags":[],"class_list":["post-576","post","type-post","status-publish","format-standard","hentry","category-noticias"],"_links":{"self":[{"href":"https:\/\/site.ifes.edu.br\/grupem\/wp-json\/wp\/v2\/posts\/576"}],"collection":[{"href":"https:\/\/site.ifes.edu.br\/grupem\/wp-json\/wp\/v2\/posts"}],"about":[{"href":"https:\/\/site.ifes.edu.br\/grupem\/wp-json\/wp\/v2\/types\/post"}],"author":[{"embeddable":true,"href":"https:\/\/site.ifes.edu.br\/grupem\/wp-json\/wp\/v2\/users\/5"}],"replies":[{"embeddable":true,"href":"https:\/\/site.ifes.edu.br\/grupem\/wp-json\/wp\/v2\/comments?post=576"}],"version-history":[{"count":3,"href":"https:\/\/site.ifes.edu.br\/grupem\/wp-json\/wp\/v2\/posts\/576\/revisions"}],"predecessor-version":[{"id":583,"href":"https:\/\/site.ifes.edu.br\/grupem\/wp-json\/wp\/v2\/posts\/576\/revisions\/583"}],"wp:attachment":[{"href":"https:\/\/site.ifes.edu.br\/grupem\/wp-json\/wp\/v2\/media?parent=576"}],"wp:term":[{"taxonomy":"category","embeddable":true,"href":"https:\/\/site.ifes.edu.br\/grupem\/wp-json\/wp\/v2\/categories?post=576"},{"taxonomy":"post_tag","embeddable":true,"href":"https:\/\/site.ifes.edu.br\/grupem\/wp-json\/wp\/v2\/tags?post=576"}],"curies":[{"name":"wp","href":"https:\/\/api.w.org\/{rel}","templated":true}]}}