{"id":567,"date":"2022-11-09T00:53:41","date_gmt":"2022-11-09T03:53:41","guid":{"rendered":"https:\/\/site.ifes.edu.br\/grupem\/?p=567"},"modified":"2022-11-16T22:39:59","modified_gmt":"2022-11-17T01:39:59","slug":"processo-seletivo-simplificado-de-bolsistas-de-extensao-2022","status":"publish","type":"post","link":"https:\/\/site.ifes.edu.br\/grupem\/2022\/11\/09\/processo-seletivo-simplificado-de-bolsistas-de-extensao-2022\/","title":{"rendered":"Processo seletivo simplificado de bolsistas de extens\u00e3o 2022"},"content":{"rendered":"\n<figure class=\"wp-block-image size-large\"><img fetchpriority=\"high\" decoding=\"async\" width=\"1024\" height=\"1024\" src=\"https:\/\/site.ifes.edu.br\/grupem\/wp-content\/uploads\/sites\/7\/2022\/11\/c8a295ac-ffdb-47f5-a816-45f75450411a-1-1024x1024.png\" alt=\"\" class=\"wp-image-568\" srcset=\"https:\/\/site.ifes.edu.br\/grupem\/wp-content\/uploads\/sites\/7\/2022\/11\/c8a295ac-ffdb-47f5-a816-45f75450411a-1-1024x1024.png 1024w, https:\/\/site.ifes.edu.br\/grupem\/wp-content\/uploads\/sites\/7\/2022\/11\/c8a295ac-ffdb-47f5-a816-45f75450411a-1-300x300.png 300w, https:\/\/site.ifes.edu.br\/grupem\/wp-content\/uploads\/sites\/7\/2022\/11\/c8a295ac-ffdb-47f5-a816-45f75450411a-1-150x150.png 150w, https:\/\/site.ifes.edu.br\/grupem\/wp-content\/uploads\/sites\/7\/2022\/11\/c8a295ac-ffdb-47f5-a816-45f75450411a-1-768x768.png 768w, https:\/\/site.ifes.edu.br\/grupem\/wp-content\/uploads\/sites\/7\/2022\/11\/c8a295ac-ffdb-47f5-a816-45f75450411a-1.png 1080w\" sizes=\"(max-width: 1024px) 100vw, 1024px\" \/><\/figure>\n\n\n\n<p><strong>Processo de sele\u00e7\u00e3o simplificada de aluno de gradua\u00e7\u00e3o bolsista<\/strong>&nbsp;para atuar no Programa de extens\u00e3o &#8221; Forma\u00e7\u00e3o humana em debate na forma\u00e7\u00e3o de professores e de estudantes da educa\u00e7\u00e3o b\u00e1sica&#8221; contemplado no&nbsp;EDITAL PAEX 02\/2022 \u2013 Bolsas de Inicia\u00e7\u00e3o \u00e0 Extens\u00e3o.&nbsp;<\/p>\n\n\n\n<p class=\"has-medium-font-size\"><strong>Informa\u00e7\u00f5es importantes sobre a bolsa e quem pode se inscrever:<\/strong>&nbsp;<\/p>\n\n\n\n<p class=\"has-normal-font-size\"><strong>1.<\/strong> Estamos selecionando 1 (uma) vaga de bolsista de extens\u00e3o, mas vamos fazer cadastro reserva se tiver mais alunos inscritos. Podem se inscrever licenciandos de matem\u00e1tica ou pedagogia do Ifes regularmente matriculados.<\/p>\n\n\n\n<p><strong>2.<\/strong>&nbsp; A bolsa \u00e9 ETG &#8211; estudante de gradua\u00e7\u00e3o, <strong>no&nbsp;valor de R$400,00<\/strong>&nbsp;e ter\u00e1&nbsp;<strong>vig\u00eancia m\u00e1xima de 12 (doze) meses<\/strong>, conforme o Plano&nbsp;de Trabalho do estudante, com&nbsp;<strong>vig\u00eancia de 21\/11\/22 a 20\/11\/2023, e carga hor\u00e1ria de 16h semanais<\/strong>.&nbsp;<strong>N\u00c3O pode acumular outras bolsas,<\/strong>&nbsp;exceto&nbsp;de perman\u00eancia, manuten\u00e7\u00e3o e assistencial&nbsp;(assist\u00eancia estudantil).<\/p>\n\n\n\n<p><strong>3.<\/strong> O objetivo principal do bolsista de inicia\u00e7\u00e3o \u00e0 extens\u00e3o \u00e9 promover apoio e suporte para a gest\u00e3o do&nbsp;Projeto de Extens\u00e3o.<\/p>\n\n\n\n<p class=\"has-text-align-left\"><strong>4.<\/strong> S\u00e3o&nbsp;<strong>atribui\u00e7\u00f5es do bolsista:&nbsp;<\/strong>Participa\u00e7\u00e3o em reuni\u00f5es com o coordenador e equipe&nbsp;do projeto de extens\u00e3o; participa\u00e7\u00e3o em reuni\u00f5es do Grupem e Clube de matem\u00e1tica; planejamento e desenvolvimento de oficinas com professores e alunos em escolas parceiras; leitura de bibliografia relacionada ao projeto de extens\u00e3o; organiza\u00e7\u00e3o&nbsp;de espa\u00e7os do Ifes-Campus Vit\u00f3ria, como salas de aula e laborat\u00f3rios, ou materiais did\u00e1tico-pedag\u00f3gicos; elabora\u00e7\u00e3o de relat\u00f3rios das a\u00e7\u00f5es realizadas no projeto de extens\u00e3o; organiza\u00e7\u00e3o das inscri\u00e7\u00f5es e tabula\u00e7\u00e3o da frequ\u00eancia dos participantes das a\u00e7\u00f5es realizadas;&nbsp;participa\u00e7\u00e3o em a\u00e7\u00f5es de extens\u00e3o promovidas pelo Instituto Federal do Esp\u00edrito Santo (Ifes); participa\u00e7\u00e3o na produ\u00e7\u00e3o cient\u00edfica relacionada ao projeto; contribui\u00e7\u00e3o na Certifica\u00e7\u00e3o dos Participantes e Equipe Executora do Projeto de Extens\u00e3o; contribui\u00e7\u00e3o na elabora\u00e7\u00e3o do Relat\u00f3rio Final do Projeto de Extens\u00e3o.<\/p>\n\n\n\n<p class=\"has-medium-font-size\"><strong>Cronograma:<\/strong><\/p>\n\n\n\n<p><strong>08\/11 &#8211;<\/strong> Divulga\u00e7\u00e3o da sele\u00e7\u00e3o simplificada<\/p>\n\n\n\n<p><strong>09 e 10\/11 (at\u00e9 \u00e0s 18h)<\/strong>&nbsp;<strong>&#8211;<\/strong> Inscri\u00e7\u00e3o via formul\u00e1rio: <a href=\"https:\/\/forms.gle\/z6gidF2ZNQjm8agH9\">https:\/\/forms.gle\/z6gidF2ZNQjm8agH9<\/a><\/p>\n\n\n\n<p><strong>10\/11 &#8211; <\/strong>Divulga\u00e7\u00e3o dos hor\u00e1rios das entrevistas<\/p>\n\n\n\n<p><strong>11\/11&nbsp;&#8211;<\/strong> Entrevistas (Eliminat\u00f3ria e classificat\u00f3ria)<\/p>\n\n\n\n<p><strong>16\/11&nbsp;&#8211; <\/strong>Divulga\u00e7\u00e3o dos resultados das entrevistas<\/p>\n\n\n\n<p><strong>17 e 18\/11 &#8211; <\/strong>Contrata\u00e7\u00e3o e assinatura do termo de compromisso<\/p>\n\n\n\n<p><strong>21\/11 &#8211;<\/strong> In\u00edcio das atividades<\/p>\n\n\n\n<p>Maiores informa\u00e7\u00f5es podem ser obtidas no edital por meio do link a seguir: <a href=\"https:\/\/proex.ifes.edu.br\/images\/M_images\/Proex\/Editais\/2022\/Chamada-Interna02-2022\/Minuta_Edital_02-2022_v1.pd\">https:\/\/proex.ifes.edu.br\/images\/M_images\/Proex\/Editais\/2022\/Chamada-Interna02-2022\/Minuta_Edital_02-2022_v1.pd<\/a><\/p>\n\n\n\n<h2 class=\"wp-block-heading\">Divulga\u00e7\u00e3o dos resultados das entrevistas do Processo de sele\u00e7\u00e3o simplificada de aluno de gradua\u00e7\u00e3o bolsista&nbsp;&#8211; Grupem<\/h2>\n\n\n\n<h6 class=\"wp-block-heading\">Na etapa da entrevista avaliamos a partir da seguinte pontua\u00e7\u00e3o:<\/h6>\n\n\n\n<p><strong>1 &#8211; Coeficiente de rendimento (m\u00e1ximo 30)<\/strong><\/p>\n\n\n\n<ul class=\"wp-block-list\"><li>00 a &lt; 50 \u2013 10 pontos<\/li><\/ul>\n\n\n\n<ul class=\"wp-block-list\"><li>50 a &lt; 75 \u2013 20 pontos<\/li><\/ul>\n\n\n\n<ul class=\"wp-block-list\"><li>75 a 100 \u2013 30 pontos<\/li><\/ul>\n\n\n\n<p><strong>2 &#8211; Experi\u00eancia em extens\u00e3o e pesquisa (m\u00e1ximo 25)<\/strong><\/p>\n\n\n\n<p><strong>3 &#8211; Estudos te\u00f3ricos e participa\u00e7\u00e3o em grupos de pesquisa (m\u00e1ximo 10)<\/strong><\/p>\n\n\n\n<p><strong>4 &#8211; Produ\u00e7\u00e3o acad\u00eamica (m\u00e1ximo 10)<\/strong><\/p>\n\n\n\n<p><strong>5 &#8211; Disponibilidade para a bolsa (m\u00e1ximo 20)<\/strong><\/p>\n\n\n\n<p><strong>6 &#8211; Desenvoltura na entrevista (m\u00e1ximo 5)<\/strong><\/p>\n\n\n\n<p>Como temos uma bolsa de gradua\u00e7\u00e3o, o candidato que fica em primeiro lugar ser\u00e1 o bolsista selecionado e o segundo ficar\u00e1 para cadastro reserva.<\/p>\n\n\n\n<figure class=\"wp-block-image size-large is-style-default\"><img decoding=\"async\" width=\"573\" height=\"202\" src=\"https:\/\/site.ifes.edu.br\/grupem\/wp-content\/uploads\/sites\/7\/2022\/11\/image.png\" alt=\"\" class=\"wp-image-578\" srcset=\"https:\/\/site.ifes.edu.br\/grupem\/wp-content\/uploads\/sites\/7\/2022\/11\/image.png 573w, https:\/\/site.ifes.edu.br\/grupem\/wp-content\/uploads\/sites\/7\/2022\/11\/image-300x106.png 300w\" sizes=\"(max-width: 573px) 100vw, 573px\" \/><figcaption>Resultado final &#8211; Classifica\u00e7\u00e3o dos alunos<\/figcaption><\/figure>\n\n\n\n<p><\/p>\n","protected":false},"excerpt":{"rendered":"<p>Processo de sele\u00e7\u00e3o simplificada de aluno de gradua\u00e7\u00e3o bolsista&nbsp;para atuar no Programa de extens\u00e3o &#8221; Forma\u00e7\u00e3o humana em debate na forma\u00e7\u00e3o de professores e de estudantes da educa\u00e7\u00e3o b\u00e1sica&#8221; contemplado no&nbsp;EDITAL PAEX 02\/2022 \u2013 Bolsas de Inicia\u00e7\u00e3o \u00e0 Extens\u00e3o.&nbsp; Informa\u00e7\u00f5es importantes sobre a bolsa e quem pode se inscrever:&nbsp; 1. Estamos selecionando 1 (uma) vaga &hellip; <a href=\"https:\/\/site.ifes.edu.br\/grupem\/2022\/11\/09\/processo-seletivo-simplificado-de-bolsistas-de-extensao-2022\/\" class=\"more-link\">Continue lendo <span class=\"screen-reader-text\">Processo seletivo simplificado de bolsistas de extens\u00e3o 2022<\/span> <span class=\"meta-nav\">&rarr;<\/span><\/a><\/p>\n","protected":false},"author":5,"featured_media":0,"comment_status":"open","ping_status":"open","sticky":false,"template":"","format":"standard","meta":{"footnotes":""},"categories":[13],"tags":[],"class_list":["post-567","post","type-post","status-publish","format-standard","hentry","category-noticias"],"_links":{"self":[{"href":"https:\/\/site.ifes.edu.br\/grupem\/wp-json\/wp\/v2\/posts\/567"}],"collection":[{"href":"https:\/\/site.ifes.edu.br\/grupem\/wp-json\/wp\/v2\/posts"}],"about":[{"href":"https:\/\/site.ifes.edu.br\/grupem\/wp-json\/wp\/v2\/types\/post"}],"author":[{"embeddable":true,"href":"https:\/\/site.ifes.edu.br\/grupem\/wp-json\/wp\/v2\/users\/5"}],"replies":[{"embeddable":true,"href":"https:\/\/site.ifes.edu.br\/grupem\/wp-json\/wp\/v2\/comments?post=567"}],"version-history":[{"count":4,"href":"https:\/\/site.ifes.edu.br\/grupem\/wp-json\/wp\/v2\/posts\/567\/revisions"}],"predecessor-version":[{"id":584,"href":"https:\/\/site.ifes.edu.br\/grupem\/wp-json\/wp\/v2\/posts\/567\/revisions\/584"}],"wp:attachment":[{"href":"https:\/\/site.ifes.edu.br\/grupem\/wp-json\/wp\/v2\/media?parent=567"}],"wp:term":[{"taxonomy":"category","embeddable":true,"href":"https:\/\/site.ifes.edu.br\/grupem\/wp-json\/wp\/v2\/categories?post=567"},{"taxonomy":"post_tag","embeddable":true,"href":"https:\/\/site.ifes.edu.br\/grupem\/wp-json\/wp\/v2\/tags?post=567"}],"curies":[{"name":"wp","href":"https:\/\/api.w.org\/{rel}","templated":true}]}}