{"id":434,"date":"2021-04-05T13:19:13","date_gmt":"2021-04-05T16:19:13","guid":{"rendered":"https:\/\/site.ifes.edu.br\/grupem\/?p=434"},"modified":"2021-04-05T23:12:14","modified_gmt":"2021-04-06T02:12:14","slug":"10-anos-do-grupem","status":"publish","type":"post","link":"https:\/\/site.ifes.edu.br\/grupem\/2021\/04\/05\/10-anos-do-grupem\/","title":{"rendered":"10 anos do Grupem"},"content":{"rendered":"\n<p>O Grupem comemora 10 anos neste ano de 2021! Nesse per\u00edodo de tempo, muitas pessoas fizeram parte dessa caminhada, com desenvolvimento de pesquisas, a\u00e7\u00f5es de ensino e de extens\u00e3o na \u00e1rea de educa\u00e7\u00e3o matem\u00e1tica.<\/p>\n\n\n\n<p>Embora o momento atual seja delicado e requer muitos cuidados de todos n\u00f3s, torna-se importante comemorar esses 10 anos de exist\u00eancia do Grupem. Exist\u00eancia que concretiza muitas aprendizagens e que merece ser valorizada e festejada. Assim, \u00e9 com alegria que organizamos 10 a\u00e7\u00f5es para serem realizadas ao longos de 2021.<br>Vamos divulgar aqui no site os eventos e nas nossas redes sociais. Fique atento para vir comemorar conosco! Voc\u00ea \u00e9 nosso convidado especial.<br>A primeira a\u00e7\u00e3o \u00e9 o lan\u00e7amento do nosso site e da nossa Logo comemorativa.<\/p>\n\n\n\n<p><\/p>\n\n\n\n<div class=\"wp-block-image\"><figure class=\"aligncenter size-large is-resized\"><img fetchpriority=\"high\" decoding=\"async\" src=\"https:\/\/site.ifes.edu.br\/grupem\/wp-content\/uploads\/sites\/7\/2021\/04\/grupem6_5-1024x768.jpg\" alt=\"\" class=\"wp-image-435\" width=\"496\" height=\"372\" srcset=\"https:\/\/site.ifes.edu.br\/grupem\/wp-content\/uploads\/sites\/7\/2021\/04\/grupem6_5-1024x768.jpg 1024w, https:\/\/site.ifes.edu.br\/grupem\/wp-content\/uploads\/sites\/7\/2021\/04\/grupem6_5-300x225.jpg 300w, https:\/\/site.ifes.edu.br\/grupem\/wp-content\/uploads\/sites\/7\/2021\/04\/grupem6_5-768x576.jpg 768w, https:\/\/site.ifes.edu.br\/grupem\/wp-content\/uploads\/sites\/7\/2021\/04\/grupem6_5-1536x1152.jpg 1536w, https:\/\/site.ifes.edu.br\/grupem\/wp-content\/uploads\/sites\/7\/2021\/04\/grupem6_5.jpg 1600w\" sizes=\"(max-width: 496px) 100vw, 496px\" \/><\/figure><\/div>\n","protected":false},"excerpt":{"rendered":"<p>O Grupem comemora 10 anos neste ano de 2021! Nesse per\u00edodo de tempo, muitas pessoas fizeram parte dessa caminhada, com desenvolvimento de pesquisas, a\u00e7\u00f5es de ensino e de extens\u00e3o na \u00e1rea de educa\u00e7\u00e3o matem\u00e1tica. Embora o momento atual seja delicado e requer muitos cuidados de todos n\u00f3s, torna-se importante comemorar esses 10 anos de exist\u00eancia &hellip; <a href=\"https:\/\/site.ifes.edu.br\/grupem\/2021\/04\/05\/10-anos-do-grupem\/\" class=\"more-link\">Continue lendo <span class=\"screen-reader-text\">10 anos do Grupem<\/span> <span class=\"meta-nav\">&rarr;<\/span><\/a><\/p>\n","protected":false},"author":5,"featured_media":0,"comment_status":"open","ping_status":"open","sticky":false,"template":"","format":"standard","meta":{"footnotes":""},"categories":[1],"tags":[],"class_list":["post-434","post","type-post","status-publish","format-standard","hentry","category-sem-categoria"],"_links":{"self":[{"href":"https:\/\/site.ifes.edu.br\/grupem\/wp-json\/wp\/v2\/posts\/434"}],"collection":[{"href":"https:\/\/site.ifes.edu.br\/grupem\/wp-json\/wp\/v2\/posts"}],"about":[{"href":"https:\/\/site.ifes.edu.br\/grupem\/wp-json\/wp\/v2\/types\/post"}],"author":[{"embeddable":true,"href":"https:\/\/site.ifes.edu.br\/grupem\/wp-json\/wp\/v2\/users\/5"}],"replies":[{"embeddable":true,"href":"https:\/\/site.ifes.edu.br\/grupem\/wp-json\/wp\/v2\/comments?post=434"}],"version-history":[{"count":3,"href":"https:\/\/site.ifes.edu.br\/grupem\/wp-json\/wp\/v2\/posts\/434\/revisions"}],"predecessor-version":[{"id":460,"href":"https:\/\/site.ifes.edu.br\/grupem\/wp-json\/wp\/v2\/posts\/434\/revisions\/460"}],"wp:attachment":[{"href":"https:\/\/site.ifes.edu.br\/grupem\/wp-json\/wp\/v2\/media?parent=434"}],"wp:term":[{"taxonomy":"category","embeddable":true,"href":"https:\/\/site.ifes.edu.br\/grupem\/wp-json\/wp\/v2\/categories?post=434"},{"taxonomy":"post_tag","embeddable":true,"href":"https:\/\/site.ifes.edu.br\/grupem\/wp-json\/wp\/v2\/tags?post=434"}],"curies":[{"name":"wp","href":"https:\/\/api.w.org\/{rel}","templated":true}]}}