{"id":193,"date":"2020-11-25T16:35:26","date_gmt":"2020-11-25T19:35:26","guid":{"rendered":"https:\/\/site.ifes.edu.br\/grupem\/?p=193"},"modified":"2020-11-25T16:45:45","modified_gmt":"2020-11-25T19:45:45","slug":"iv-coloquio-gepape-trilhas-tramas-e-rumos","status":"publish","type":"post","link":"https:\/\/site.ifes.edu.br\/grupem\/2020\/11\/25\/iv-coloquio-gepape-trilhas-tramas-e-rumos\/","title":{"rendered":"IV Col\u00f3quio Gepape: trilhas, tramas e rumos"},"content":{"rendered":"\n<figure class=\"wp-block-image size-large is-resized\"><img fetchpriority=\"high\" decoding=\"async\" src=\"https:\/\/site.ifes.edu.br\/grupem\/wp-content\/uploads\/sites\/7\/2020\/11\/WhatsApp-Image-2020-11-24-at-15.16.51.jpeg\" alt=\"\" class=\"wp-image-194\" width=\"558\" height=\"558\" srcset=\"https:\/\/site.ifes.edu.br\/grupem\/wp-content\/uploads\/sites\/7\/2020\/11\/WhatsApp-Image-2020-11-24-at-15.16.51.jpeg 750w, https:\/\/site.ifes.edu.br\/grupem\/wp-content\/uploads\/sites\/7\/2020\/11\/WhatsApp-Image-2020-11-24-at-15.16.51-300x300.jpeg 300w, https:\/\/site.ifes.edu.br\/grupem\/wp-content\/uploads\/sites\/7\/2020\/11\/WhatsApp-Image-2020-11-24-at-15.16.51-150x150.jpeg 150w\" sizes=\"(max-width: 558px) 100vw, 558px\" \/><\/figure>\n\n\n\n<p><strong>Data:<\/strong> 10 e 11\/12\/2020<\/p>\n\n\n\n<p><strong>Hora: <\/strong>13h45 \u00e0s 17h<\/p>\n\n\n\n<p><strong>P\u00fablico alvo: <\/strong>Membros dos grupos vinculados ao GEPAPe em REDE<\/p>\n\n\n\n<p><strong>Coordena\u00e7\u00e3o geral: <\/strong>Prof. Dr. Manoel Oriosvaldo de Moura<\/p>\n\n\n\n<p class=\"has-normal-font-size\">Mais informa\u00e7\u00f5es e <strong>inscri\u00e7\u00f5es: <\/strong><a href=\"https:\/\/www.even3.com.br\/ivcoloquiogepape\/\">https:\/\/www.even3.com.br\/ivcoloquiogepape\/<\/a><\/p>\n","protected":false},"excerpt":{"rendered":"<p>Data: 10 e 11\/12\/2020 Hora: 13h45 \u00e0s 17h P\u00fablico alvo: Membros dos grupos vinculados ao GEPAPe em REDE Coordena\u00e7\u00e3o geral: Prof. Dr. Manoel Oriosvaldo de Moura Mais informa\u00e7\u00f5es e inscri\u00e7\u00f5es: https:\/\/www.even3.com.br\/ivcoloquiogepape\/<\/p>\n","protected":false},"author":5,"featured_media":0,"comment_status":"open","ping_status":"open","sticky":false,"template":"","format":"standard","meta":{"footnotes":""},"categories":[1],"tags":[11,10,12],"class_list":["post-193","post","type-post","status-publish","format-standard","hentry","category-sem-categoria","tag-eventos","tag-gepape","tag-noticias"],"_links":{"self":[{"href":"https:\/\/site.ifes.edu.br\/grupem\/wp-json\/wp\/v2\/posts\/193"}],"collection":[{"href":"https:\/\/site.ifes.edu.br\/grupem\/wp-json\/wp\/v2\/posts"}],"about":[{"href":"https:\/\/site.ifes.edu.br\/grupem\/wp-json\/wp\/v2\/types\/post"}],"author":[{"embeddable":true,"href":"https:\/\/site.ifes.edu.br\/grupem\/wp-json\/wp\/v2\/users\/5"}],"replies":[{"embeddable":true,"href":"https:\/\/site.ifes.edu.br\/grupem\/wp-json\/wp\/v2\/comments?post=193"}],"version-history":[{"count":3,"href":"https:\/\/site.ifes.edu.br\/grupem\/wp-json\/wp\/v2\/posts\/193\/revisions"}],"predecessor-version":[{"id":198,"href":"https:\/\/site.ifes.edu.br\/grupem\/wp-json\/wp\/v2\/posts\/193\/revisions\/198"}],"wp:attachment":[{"href":"https:\/\/site.ifes.edu.br\/grupem\/wp-json\/wp\/v2\/media?parent=193"}],"wp:term":[{"taxonomy":"category","embeddable":true,"href":"https:\/\/site.ifes.edu.br\/grupem\/wp-json\/wp\/v2\/categories?post=193"},{"taxonomy":"post_tag","embeddable":true,"href":"https:\/\/site.ifes.edu.br\/grupem\/wp-json\/wp\/v2\/tags?post=193"}],"curies":[{"name":"wp","href":"https:\/\/api.w.org\/{rel}","templated":true}]}}