{"id":1124,"date":"2025-10-29T15:43:02","date_gmt":"2025-10-29T18:43:02","guid":{"rendered":"https:\/\/site.ifes.edu.br\/grupem\/?p=1124"},"modified":"2025-10-29T18:26:44","modified_gmt":"2025-10-29T21:26:44","slug":"processo-seletivo-simplificado-de-bolsistas-de-extensao-2025","status":"publish","type":"post","link":"https:\/\/site.ifes.edu.br\/grupem\/2025\/10\/29\/processo-seletivo-simplificado-de-bolsistas-de-extensao-2025\/","title":{"rendered":"Processo seletivo simplificado de bolsistas de extens\u00e3o 2025"},"content":{"rendered":"\t\t<div data-elementor-type=\"wp-post\" data-elementor-id=\"1124\" class=\"elementor elementor-1124\">\n\t\t\t\t<div class=\"elementor-element elementor-element-641e946 e-flex e-con-boxed e-con e-parent\" data-id=\"641e946\" data-element_type=\"container\">\n\t\t\t\t\t<div class=\"e-con-inner\">\n\t\t\t\t<div class=\"elementor-element elementor-element-ca74296 elementor-widget elementor-widget-text-editor\" data-id=\"ca74296\" data-element_type=\"widget\" data-widget_type=\"text-editor.default\">\n\t\t\t\t<div class=\"elementor-widget-container\">\n\t\t\t\t\t\t\t\t\t<p><img fetchpriority=\"high\" decoding=\"async\" class=\"aligncenter wp-image-1135 size-large\" src=\"https:\/\/site.ifes.edu.br\/grupem\/wp-content\/uploads\/sites\/7\/2025\/10\/WhatsApp-Image-2025-10-29-at-16.01.29-1024x1024.jpeg\" alt=\"\" width=\"604\" height=\"604\" srcset=\"https:\/\/site.ifes.edu.br\/grupem\/wp-content\/uploads\/sites\/7\/2025\/10\/WhatsApp-Image-2025-10-29-at-16.01.29-1024x1024.jpeg 1024w, https:\/\/site.ifes.edu.br\/grupem\/wp-content\/uploads\/sites\/7\/2025\/10\/WhatsApp-Image-2025-10-29-at-16.01.29-300x300.jpeg 300w, https:\/\/site.ifes.edu.br\/grupem\/wp-content\/uploads\/sites\/7\/2025\/10\/WhatsApp-Image-2025-10-29-at-16.01.29-150x150.jpeg 150w, https:\/\/site.ifes.edu.br\/grupem\/wp-content\/uploads\/sites\/7\/2025\/10\/WhatsApp-Image-2025-10-29-at-16.01.29-768x768.jpeg 768w, https:\/\/site.ifes.edu.br\/grupem\/wp-content\/uploads\/sites\/7\/2025\/10\/WhatsApp-Image-2025-10-29-at-16.01.29.jpeg 1080w\" sizes=\"(max-width: 604px) 100vw, 604px\" \/><\/p><p><span style=\"color: #000000\"><strong>Processo de sele\u00e7\u00e3o simplificada de um aluno de p\u00f3s-gradua\u00e7\u00e3o<\/strong><br \/><strong>bolsista e um aluno de curso t\u00e9cnico concomitante ou integrado<\/strong> para atuar no Programa de extens\u00e3o &#8220;A\u00e7\u00f5es extensionistas em educa\u00e7\u00e3o\/ensino na perspectiva<br \/>hist\u00f3rico-cultural&#8221; contemplado no EDITAL PROEX\/CGAEX\/PAEX N\u00ba 03\/2025 \u2013 Bolsas de inicia\u00e7\u00e3o \u00e0 Extens\u00e3o.\u00a0<\/span><\/p><p>\u00a0<\/p><p><span style=\"color: #000000\">Informa\u00e7\u00f5es i<\/span><span style=\"color: #000000\">mportantes sobre as bolsas e quem pode se inscrever:<\/span><\/p><p>\u00a0<\/p><p><span style=\"color: #000000\">1. Estamos selecionando 2 (duas) vagas de bolsistas de extens\u00e3o, mas vamos fazer<\/span><br \/><span style=\"color: #000000\">cadastro reserva se tiver mais alunos inscritos. Podem se inscrever alunos do<\/span><br \/><span style=\"color: #000000\">Ifes regularmente matriculados de acordo com os indicativos a seguir. N\u00e3o pode ter v\u00ednculo empregat\u00edcio e nem receber outras bolsas.<\/span><\/p><p>\u00a0<\/p><p><span style=\"color: #000000\">2. A bolsa 1 \u00e9 EXT-D &#8211; estudante de p\u00f3s-gradua\u00e7\u00e3o em Educa\u00e7\u00e3o em Ci\u00eancias e<\/span><br \/><span style=\"color: #000000\">Matem\u00e1tica (Educimat), \u00e1rea Educa\u00e7\u00e3o matem\u00e1tica, no valor de R$ 1000,00 e<\/span><br \/><span style=\"color: #000000\">ter\u00e1 vig\u00eancia m\u00e1xima de 12 (doze) meses, conforme o Plano de<\/span><br \/><span style=\"color: #000000\">Trabalho do estudante, com vig\u00eancia de 04 de novembro de<\/span><br \/><span style=\"color: #000000\">2025 a 03 de novembro de 2026, e carga hor\u00e1ria de 12h semanais.<\/span><\/p><p>\u00a0<\/p><p><span style=\"color: #000000\">A Bolsa 2 \u00e9 EJ1- estudante de curso t\u00e9cnico concomitante ou integrado, no valor<\/span><br \/><span style=\"color: #000000\">de R$ 300,00 e ter\u00e1 vig\u00eancia m\u00e1xima de 12 (doze) meses, conforme o Plano de<\/span><br \/><span style=\"color: #000000\">Trabalho do estudante, com vig\u00eancia de 4 de novembro de 2025 a 03 de novembro de 2026, e carga hor\u00e1ria de 10h semanais.<\/span><\/p><p>\u00a0<\/p><p><span style=\"color: #000000\">3. O objetivo principal do bolsista de inicia\u00e7\u00e3o \u00e0 extens\u00e3o \u00e9 promover apoio e<\/span><br \/><span style=\"color: #000000\">suporte para a gest\u00e3o do Projeto de Extens\u00e3o.<\/span><\/p><p>\u00a0<\/p><p><span style=\"color: #000000\">4. S\u00e3o atribui\u00e7\u00f5es do bolsista EXT-G: Participa\u00e7\u00e3o em reuni\u00f5es<\/span><br \/><span style=\"color: #000000\">com o coordenador e equipe do projeto de extens\u00e3o; participa\u00e7\u00e3o em<\/span><br \/><span style=\"color: #000000\">reuni\u00f5es do Grupem e Clube de matem\u00e1tica; planejamento e desenvolvimento de<\/span><br \/><span style=\"color: #000000\">oficinas com professores e alunos em escolas parceiras; leitura de bibliografia<\/span><br \/><span style=\"color: #000000\">relacionada ao projeto de extens\u00e3o; organiza\u00e7\u00e3o de espa\u00e7os do Ifes-Campus<\/span><br \/><span style=\"color: #000000\">Vit\u00f3ria, como salas de aula e laborat\u00f3rios, ou materiais did\u00e1tico-pedag\u00f3gicos;<\/span><br \/><span style=\"color: #000000\">elabora\u00e7\u00e3o de relat\u00f3rios das a\u00e7\u00f5es realizadas no projeto de extens\u00e3o;<\/span><br \/><span style=\"color: #000000\">organiza\u00e7\u00e3o das inscri\u00e7\u00f5es e tabula\u00e7\u00e3o da frequ\u00eancia dos participantes das<\/span><br \/><span style=\"color: #000000\">a\u00e7\u00f5es realizadas; participa\u00e7\u00e3o em a\u00e7\u00f5es de extens\u00e3o promovidas pelo<\/span><br \/><span style=\"color: #000000\">Instituto Federal do Esp\u00edrito Santo (Ifes); participa\u00e7\u00e3o na produ\u00e7\u00e3o cient\u00edfica<\/span><br \/><span style=\"color: #000000\">relacionada ao projeto; contribui\u00e7\u00e3o na Certifica\u00e7\u00e3o dos Participantes e Equipe<\/span><br \/><span style=\"color: #000000\">Executora do Projeto de Extens\u00e3o; contribui\u00e7\u00e3o na elabora\u00e7\u00e3o do Relat\u00f3rio Final<\/span><br \/><span style=\"color: #000000\">do Projeto de Extens\u00e3o.<\/span><\/p><p>\u00a0<\/p><p><span style=\"color: #000000\">5. S\u00e3o atribui\u00e7\u00f5es do bolsista EJ1: Participa\u00e7\u00e3o em reuni\u00f5es com<\/span><br \/><span style=\"color: #000000\">o coordenador e equipe do projeto de extens\u00e3o; participa\u00e7\u00e3o em reuni\u00f5es do<\/span><br \/><span style=\"color: #000000\">Grupem e Clube de matem\u00e1tica; apoio em oficinas; organiza\u00e7\u00e3o de espa\u00e7os do<\/span><br \/><span style=\"color: #000000\">Ifes-Campus Vit\u00f3ria, como salas de aula e laborat\u00f3rios, ou materiais<\/span><br \/><span style=\"color: #000000\">did\u00e1tico-pedag\u00f3gicos; organiza\u00e7\u00e3o das inscri\u00e7\u00f5es e tabula\u00e7\u00e3o da frequ\u00eancia dos<\/span><br \/><span style=\"color: #000000\">participantes das a\u00e7\u00f5es realizadas; Organiza\u00e7\u00e3o das informa\u00e7\u00f5es e layout<\/span><br \/><span style=\"color: #000000\">do site do Grupem para divulga\u00e7\u00e3o do grupo; contribui\u00e7\u00e3o na Certifica\u00e7\u00e3o dos<\/span><br \/><span style=\"color: #000000\">Participantes e Equipe Executora; elabora\u00e7\u00e3o de relat\u00f3rios das a\u00e7\u00f5es realizadas<\/span><br \/><span style=\"color: #000000\">no projeto de extens\u00e3o e sua divulga\u00e7\u00e3o.<\/span><\/p><p>\u00a0<\/p><p><span style=\"color: #000000\">Cronograma:<\/span><\/p><p>\u00a0<\/p><p><span style=\"color: #000000\">28\/10 &#8211; Divulga\u00e7\u00e3o da sele\u00e7\u00e3o simplificada<\/span><\/p><p>\u00a0<\/p><p><span style=\"color: #000000\">29 e 30\/10 (at\u00e9 \u00e0s 18h) &#8211; Inscri\u00e7\u00e3o via formul\u00e1rio: <a href=\"https:\/\/forms.gle\/wgTxkAQ1cpMkntfP8\">https:\/\/forms.gle\/wgTxkAQ1cpMkntfP8<\/a><\/span><\/p><p>\u00a0<\/p><p><span style=\"color: #000000\">31\/10 &#8211; Divulga\u00e7\u00e3o dos hor\u00e1rios das entrevistas<\/span><\/p><p>\u00a0<\/p><p><span style=\"color: #000000\">03\/11 &#8211; Entrevistas (Eliminat\u00f3ria e classificat\u00f3ria)<\/span><\/p><p>\u00a0<\/p><p><span style=\"color: #000000\">03\/11 &#8211; Divulga\u00e7\u00e3o dos resultados das entrevistas<\/span><\/p><p>\u00a0<\/p><p><span style=\"color: #000000\">04\/11 &#8211; Contrata\u00e7\u00e3o e assinatura do termo de compromisso<\/span><\/p><p>\u00a0<\/p><p><span style=\"color: #000000\">05\/11 &#8211; In\u00edcio das atividades<\/span><\/p><p>\u00a0<\/p><p><span style=\"color: #000000\">Maiores <\/span><span style=\"color: #000000\">informa\u00e7\u00f5es podem ser obtidas no edital por meio do link a seguir:<\/span> <a href=\"https:\/\/proex.ifes.edu.br\/images\/stories\/Chamada-interna-2022\/Chamada-interna-2025\/Minuta_Edital_Paex_bolsas_2025_vfinal.pdf\">https:\/\/proex.ifes.edu.br\/images\/stories\/Chamada-interna-2022\/Chamada-interna-2025\/Minuta_Edital_Paex_bolsas_2025_vfinal.pdf<\/a><\/p>\t\t\t\t\t\t\t\t<\/div>\n\t\t\t\t<\/div>\n\t\t\t\t\t<\/div>\n\t\t\t\t<\/div>\n\t\t\t\t<\/div>\n\t\t","protected":false},"excerpt":{"rendered":"<p>Processo de sele\u00e7\u00e3o simplificada de um aluno de p\u00f3s-gradua\u00e7\u00e3obolsista e um aluno de curso t\u00e9cnico concomitante ou integrado para atuar no Programa de extens\u00e3o &#8220;A\u00e7\u00f5es extensionistas em educa\u00e7\u00e3o\/ensino na perspectivahist\u00f3rico-cultural&#8221; contemplado no EDITAL PROEX\/CGAEX\/PAEX N\u00ba 03\/2025 \u2013 Bolsas de inicia\u00e7\u00e3o \u00e0 Extens\u00e3o.\u00a0 \u00a0 Informa\u00e7\u00f5es importantes sobre as bolsas e quem pode se inscrever: \u00a0 1. &hellip; <a href=\"https:\/\/site.ifes.edu.br\/grupem\/2025\/10\/29\/processo-seletivo-simplificado-de-bolsistas-de-extensao-2025\/\" class=\"more-link\">Continue lendo <span class=\"screen-reader-text\">Processo seletivo simplificado de bolsistas de extens\u00e3o 2025<\/span> <span class=\"meta-nav\">&rarr;<\/span><\/a><\/p>\n","protected":false},"author":5,"featured_media":0,"comment_status":"open","ping_status":"open","sticky":false,"template":"","format":"standard","meta":{"footnotes":""},"categories":[1],"tags":[],"class_list":["post-1124","post","type-post","status-publish","format-standard","hentry","category-sem-categoria"],"_links":{"self":[{"href":"https:\/\/site.ifes.edu.br\/grupem\/wp-json\/wp\/v2\/posts\/1124"}],"collection":[{"href":"https:\/\/site.ifes.edu.br\/grupem\/wp-json\/wp\/v2\/posts"}],"about":[{"href":"https:\/\/site.ifes.edu.br\/grupem\/wp-json\/wp\/v2\/types\/post"}],"author":[{"embeddable":true,"href":"https:\/\/site.ifes.edu.br\/grupem\/wp-json\/wp\/v2\/users\/5"}],"replies":[{"embeddable":true,"href":"https:\/\/site.ifes.edu.br\/grupem\/wp-json\/wp\/v2\/comments?post=1124"}],"version-history":[{"count":6,"href":"https:\/\/site.ifes.edu.br\/grupem\/wp-json\/wp\/v2\/posts\/1124\/revisions"}],"predecessor-version":[{"id":1138,"href":"https:\/\/site.ifes.edu.br\/grupem\/wp-json\/wp\/v2\/posts\/1124\/revisions\/1138"}],"wp:attachment":[{"href":"https:\/\/site.ifes.edu.br\/grupem\/wp-json\/wp\/v2\/media?parent=1124"}],"wp:term":[{"taxonomy":"category","embeddable":true,"href":"https:\/\/site.ifes.edu.br\/grupem\/wp-json\/wp\/v2\/categories?post=1124"},{"taxonomy":"post_tag","embeddable":true,"href":"https:\/\/site.ifes.edu.br\/grupem\/wp-json\/wp\/v2\/tags?post=1124"}],"curies":[{"name":"wp","href":"https:\/\/api.w.org\/{rel}","templated":true}]}}